[{"@context":"https:\/\/schema.org\/","@type":"Article","@id":"https:\/\/www.daas.cz\/auto-z-pujcovny-v-praze-na-nekolik-hodin-nebo-na-cely-rok\/#Article","mainEntityOfPage":"https:\/\/www.daas.cz\/auto-z-pujcovny-v-praze-na-nekolik-hodin-nebo-na-cely-rok\/","headline":"Auto z p\u016fj\u010dovny v Praze na n\u011bkolik hodin nebo na cel\u00fd rok","name":"Auto z p\u016fj\u010dovny v Praze na n\u011bkolik hodin nebo na cel\u00fd rok","description":"Pron\u00e1jmy vozidel umo\u017e\u0148uj\u00ed v sou\u010dasn\u00e9 dob\u011b \u0161ir\u0161\u00ed spektrum vyu\u017eit\u00ed, ne\u017e tomu b\u00fdvalo d\u0159\u00edve, jednak je to d\u00e1no technicky vysp\u011blej\u0161\u00edm vozov\u00fdm parkem, a pak je ve h\u0159e i v\u011bt\u0161\u00ed konkurence a snaha pronaj\u00edmatel\u016f poskytovat slu\u017eby v\u00edce<a class=\"moretag\" href=\"https:\/\/www.daas.cz\/auto-z-pujcovny-v-praze-na-nekolik-hodin-nebo-na-cely-rok\/\"> Read more&hellip;<\/a>","datePublished":"2021-10-08","dateModified":"2023-04-29","author":{"@type":"Person","@id":"https:\/\/www.daas.cz\/author\/#Person","name":"","url":"https:\/\/www.daas.cz\/author\/","identifier":1,"image":{"@type":"ImageObject","@id":"https:\/\/secure.gravatar.com\/avatar\/f7b3e8bb7f7cc0c6ca940e74a10b952be4c7d81de8a980387c865f88889f02e3?s=96&d=mm&r=g","url":"https:\/\/secure.gravatar.com\/avatar\/f7b3e8bb7f7cc0c6ca940e74a10b952be4c7d81de8a980387c865f88889f02e3?s=96&d=mm&r=g","height":96,"width":96}},"publisher":{"@type":"Organization","name":"daas.cz","logo":{"@type":"ImageObject","@id":"\/logo.png","url":"\/logo.png","width":600,"height":60}},"image":{"@type":"ImageObject","@id":"https:\/\/www.daas.cz\/wp-content\/uploads\/dog-1850465_640.jpg","url":"https:\/\/www.daas.cz\/wp-content\/uploads\/dog-1850465_640.jpg","height":0,"width":0},"url":"https:\/\/www.daas.cz\/auto-z-pujcovny-v-praze-na-nekolik-hodin-nebo-na-cely-rok\/","about":["Podnik\u00e1n\u00ed"],"wordCount":408,"articleBody":"   Pron\u00e1jmy vozidel umo\u017e\u0148uj\u00ed v sou\u010dasn\u00e9 dob\u011b \u0161ir\u0161\u00ed spektrum vyu\u017eit\u00ed, ne\u017e tomu b\u00fdvalo d\u0159\u00edve, jednak je to d\u00e1no technicky vysp\u011blej\u0161\u00edm vozov\u00fdm parkem, a pak je ve h\u0159e i v\u011bt\u0161\u00ed konkurence a snaha pronaj\u00edmatel\u016f poskytovat slu\u017eby v\u00edce komplexn\u00ed nebo s v\u011bt\u0161\u00edmi mo\u017enostmi. Z\u00e1kazn\u00edci tak mohou m\u00edt dispozici v\u016fz na n\u011bkolik hodin nebo t\u0159eba na cel\u00fd rok, v\u0161e je ot\u00e1zkou propo\u010dtu financ\u00ed a v\u00fdhodnosti poskytovan\u00fdch slu\u017eeb. Sta\u010d\u00ed nahl\u00e9dnout do cen\u00edku a propo\u010d\u00edtat jeho porovn\u00e1n\u00ed s re\u00e1ln\u00fdm vlastnictv\u00edm vozidla, kdy mus\u00edte financovat ze sv\u00e9 kapsy povinn\u00e9 ru\u010den\u00ed, havarijn\u00ed poji\u0161t\u011bn\u00ed, technick\u00e9 kontroly, v\u00fdm\u011bnu provozn\u00edch kapalin, pneumatik a n\u00e1hradn\u00edch d\u00edl\u016f, d\u00e1lni\u010dn\u00ed zn\u00e1mku a poplatky za parkov\u00e1n\u00ed \u010di gar\u00e1\u017eov\u00e1n\u00ed.A samoz\u0159ejm\u011b nesm\u00edme zapomenout na po\u0159izovac\u00ed cenu vozidla v souladu s jeho amortizac\u00ed, co\u017e je v\u017edy velmi relativn\u00ed z\u00e1le\u017eitost, st\u011b\u017e\u00ed p\u0159edv\u00eddateln\u00e1. Nov\u00fd v\u016fz je samoz\u0159ejm\u011b p\u0159i koupi dra\u017e\u0161\u00ed, ale z\u00e1rove\u0148 je mal\u00e1 pravd\u011bpodobnost, \u017ee bude vy\u017eadovat \u010dast\u00e9 investice v r\u00e1mci technick\u00e9 \u00fadr\u017eby, na druhou stranu ojetina bude nepom\u011brn\u011b levn\u011bj\u0161\u00ed, ale s o\u010dek\u00e1van\u00fdmi nemal\u00fdmi investicemi do n\u00e1hradn\u00edch d\u00edl\u016f. Vlastnit dnes v\u016fz tak\u00e9 znamen\u00e1 stabiln\u00ed p\u0159\u00edjem, a pokud ten vypadne, nebo onemocn\u00edte na del\u0161\u00ed \u010das, m\u016f\u017ee se st\u00e1t, \u017ee se vozidla budete muset z finan\u010dn\u00edch d\u016fvod\u016f zbavit.Velmi zaj\u00edmavou mo\u017enost\u00ed, jak vyu\u017e\u00edt slu\u017eeb p\u016fj\u010dovny aut v Praze https:\/\/autopujcovna-milan.cz\/, je pron\u00e1jem voz\u016f pro studenty a obecn\u011b mlad\u0161\u00ed ro\u010dn\u00edky \u010derstv\u00fdch dr\u017eitel\u016f \u0159idi\u010dsk\u00e9ho opr\u00e1vn\u011bn\u00ed, kter\u00e9 nemaj\u00ed vlastn\u00ed v\u016fz k dispozici a teprve o n\u011bjak\u00e9m uva\u017euj\u00ed. V\u00fdhodn\u00e9 je to zejm\u00e9na tam, kde nepot\u0159ebujete denn\u011b doj\u00ed\u017ed\u011bt autem do zam\u011bstn\u00e1n\u00ed, a kde v\u00e1m posta\u010d\u00ed pouze na ob\u010dasn\u00e9 v\u00fdlety, pro v\u011bt\u0161\u00ed n\u00e1kupy nebo na dovolenou. Dnes se d\u00e1 tak\u0159ka v\u0161echno nakoupit pohodln\u011b p\u0159es Internet, v n\u011bkter\u00fdch lokalit\u00e1ch i potraviny, a tak t\u0159eba zjist\u00edte, pro\u010d platit za vlastn\u00ed v\u016fz, kdy\u017e jej vlastn\u011b denn\u011b nevyu\u017e\u00edv\u00e1te?                                                                                                                                                                                                                                                                                                                                                                                          3.6\/5 - (8 votes)        "},{"@context":"https:\/\/schema.org\/","@type":"BreadcrumbList","itemListElement":[{"@type":"ListItem","position":1,"name":"Auto z p\u016fj\u010dovny v Praze na n\u011bkolik hodin nebo na cel\u00fd rok","item":"https:\/\/www.daas.cz\/auto-z-pujcovny-v-praze-na-nekolik-hodin-nebo-na-cely-rok\/#breadcrumbitem"}]}]