[{"@context":"https:\/\/schema.org\/","@type":"Article","@id":"https:\/\/www.daas.cz\/filmova-hvezda-v-americke-armade\/#Article","mainEntityOfPage":"https:\/\/www.daas.cz\/filmova-hvezda-v-americke-armade\/","headline":"Filmov\u00e1 hv\u011bzda v americk\u00e9 arm\u00e1d\u011b","name":"Filmov\u00e1 hv\u011bzda v americk\u00e9 arm\u00e1d\u011b","description":"N\u011bkter\u00e9 hereck\u00e9 hv\u011bzdy maj\u00ed doslova jepi\u010d\u00ed \u017eivot. Zaz\u00e1\u0159\u00ed v jednom nebo dvou filmech a pak zhasnou. Ti siln\u011bj\u0161\u00ed se s t\u00edm sm\u00ed\u0159\u00ed a otev\u0159ou ve sv\u00e9m \u017eivot\u011b jin\u00e9 dve\u0159e a ti slab\u0161\u00ed cel\u00fd zbytek \u017eivota<a class=\"moretag\" href=\"https:\/\/www.daas.cz\/filmova-hvezda-v-americke-armade\/\"> Read more&hellip;<\/a>","datePublished":"2025-03-03","dateModified":"2023-04-29","author":{"@type":"Person","@id":"https:\/\/www.daas.cz\/author\/#Person","name":"","url":"https:\/\/www.daas.cz\/author\/","identifier":1,"image":{"@type":"ImageObject","@id":"https:\/\/secure.gravatar.com\/avatar\/f7b3e8bb7f7cc0c6ca940e74a10b952be4c7d81de8a980387c865f88889f02e3?s=96&d=mm&r=g","url":"https:\/\/secure.gravatar.com\/avatar\/f7b3e8bb7f7cc0c6ca940e74a10b952be4c7d81de8a980387c865f88889f02e3?s=96&d=mm&r=g","height":96,"width":96}},"publisher":{"@type":"Organization","name":"daas.cz","logo":{"@type":"ImageObject","@id":"\/logo.png","url":"\/logo.png","width":600,"height":60}},"image":{"@type":"ImageObject","@id":"https:\/\/www.daas.cz\/wp-content\/uploads\/img_a327299_w2590_t1539530932.jpg","url":"https:\/\/www.daas.cz\/wp-content\/uploads\/img_a327299_w2590_t1539530932.jpg","height":0,"width":0},"url":"https:\/\/www.daas.cz\/filmova-hvezda-v-americke-armade\/","about":["Kultura"],"wordCount":392,"articleBody":"N\u011bkter\u00e9 hereck\u00e9 hv\u011bzdy maj\u00ed doslova jepi\u010d\u00ed \u017eivot. Zaz\u00e1\u0159\u00ed v jednom nebo dvou filmech a pak zhasnou. Ti siln\u011bj\u0161\u00ed se s t\u00edm sm\u00ed\u0159\u00ed a otev\u0159ou ve sv\u00e9m \u017eivot\u011b jin\u00e9 dve\u0159e a ti slab\u0161\u00ed cel\u00fd zbytek \u017eivota v\u011bnuj\u00ed navazov\u00e1n\u00ed na svou p\u0159ede\u0161lou kari\u00e9ru. \u00b7\u00a0\u00a0\u00a0\u00a0\u00a0\u00a0\u00a0 Tyto starosti rozhodn\u011b nem\u011bla jedna slavn\u00e1 here\u010dka, kter\u00e9 p\u0159\u00edroda sice nedala oslniv\u011b kr\u00e1snou tv\u00e1\u0159, ale sp\u00ed\u0161e zaj\u00edmav\u00fd vzhled a rozhodn\u011b velkou d\u00e1vku talentu.\u00b7\u00a0\u00a0\u00a0\u00a0\u00a0\u00a0\u00a0 Jej\u00ed tv\u00e1\u0159 p\u016fsobila chladn\u011b a odta\u017eit\u011b.A p\u0159esn\u011b takov\u00e1 pr\u00fd byla Marlene Dietrich i ve sv\u00e9m soukrom\u00ed. P\u0159\u00edli\u0161 ji pr\u00fd nezaj\u00edmala ani jej\u00ed dcera. Ur\u010dit\u00fdm zp\u016fsobem byla Marlene Dietrich spojen\u00e1 i s na\u0161\u00ed republikou. Jej\u00ed sl\u00e1va p\u0159i\u0161la s rol\u00ed ve filmu \u201eJ\u00e1 l\u00edb\u00e1m ru\u010dku v\u00e1m, madam\u201c. Tento sn\u00edmek nato\u010dila je\u0161t\u011b v N\u011bmecku, roku 1928. Bylo j\u00ed sedmadvacet a u\u017e na ni \u010dekal Hollywood. Tam emigrovala o p\u011bt let pozd\u011bji a za dal\u0161\u00edch \u0161est let se stala americkou ob\u010dankou.\u00b7\u00a0\u00a0\u00a0\u00a0\u00a0\u00a0\u00a0 A jak byla spojen\u00e1 s \u010ceskou republikou?&#8211;\u00a0\u00a0\u00a0\u00a0\u00a0\u00a0\u00a0\u00a0 Zm\u00edn\u011bn\u00fd film, kter\u00fd ji v N\u011bmecku nasm\u011broval na vrchol, nato\u010dila s re\u017eis\u00e9rem Robertem Landem, kter\u00fd poch\u00e1zel z Krom\u011b\u0159\u00ed\u017ee.&#8211;\u00a0\u00a0\u00a0\u00a0\u00a0\u00a0\u00a0\u00a0 Jej\u00edm man\u017eelem se stal rod\u00e1k z \u00dast\u00ed nad Labem, Rudolf Sieber. Ten j\u00ed pomohl k jej\u00edm slavn\u00fdm rol\u00edm.\tCht\u011bla zlikvidovat HitleraHv\u011bzdou prvn\u00ed velikosti se stala d\u00edky filmu \u201eModr\u00fd and\u011bl\u201c, kter\u00fd nato\u010dila s re\u017eis\u00e9rem Sternbergem. V tu chv\u00edli si j\u00ed v\u0161iml zm\u00edn\u011bn\u00fd Hollywood a Dietrich mohla zapo\u010d\u00edt svou dlouhou cestu sv\u011btov\u00fdm filmem. \u00b7\u00a0\u00a0\u00a0\u00a0\u00a0\u00a0\u00a0 Pokud bychom se vr\u00e1tili k politice, Marlene Dietrich i jej\u00ed dal\u0161\u00ed man\u017eel byli zaryt\u00edmi antifa\u0161isty.\u00b7\u00a0\u00a0\u00a0\u00a0\u00a0\u00a0\u00a0 Filmov\u00e1 hv\u011bzda pr\u00fd dokonce p\u0159em\u00fd\u0161lela i o tom, jak by se mohl nechat zlikvidovat s\u00e1m Adolf Hitler.\u00b7\u00a0\u00a0\u00a0\u00a0\u00a0\u00a0\u00a0 Pr\u00fd ho cht\u011bla sv\u00e1d\u011bt a ve vhodnou dobu zavra\u017edit.&#8211;\u00a0\u00a0\u00a0\u00a0\u00a0\u00a0\u00a0\u00a0 Kdo v\u00ed.Jist\u00e9 v\u0161ak je, \u017ee roku 1941 vstoupila do americk\u00e9 arm\u00e1dy, kde j\u00ed byla prop\u016fj\u010dena hodnost kapit\u00e1nky. A co bylo jej\u00edm bojov\u00fdm \u00fakolem? Bavit p\u0159\u00edtomn\u00e9 voj\u00e1ky sv\u00fdm zp\u011bvem a vystoupen\u00edmi. Tak\u00e9 fungovala jako tlumo\u010dnice.\u00a0                                                                                                                                                                                                                                                                                                                                                                                        4.2\/5 - (4 votes)        "},{"@context":"https:\/\/schema.org\/","@type":"BreadcrumbList","itemListElement":[{"@type":"ListItem","position":1,"name":"Filmov\u00e1 hv\u011bzda v americk\u00e9 arm\u00e1d\u011b","item":"https:\/\/www.daas.cz\/filmova-hvezda-v-americke-armade\/#breadcrumbitem"}]}]