[{"@context":"https:\/\/schema.org\/","@type":"Article","@id":"https:\/\/www.daas.cz\/pro-vsechny-motoristy\/#Article","mainEntityOfPage":"https:\/\/www.daas.cz\/pro-vsechny-motoristy\/","headline":"Pro v\u0161echny motoristy","name":"Pro v\u0161echny motoristy","description":"Cht\u011bli byste si u\u017e\u00edvat v\u00edce cestov\u00e1n\u00ed s va\u0161\u00edm autem? Nejde v\u00e1m to ale, proto\u017ee m\u00e1te n\u011bjak\u00e9 starosti, p\u0159es kter\u00e9 se nelze p\u0159ehoupnout? P\u0159i cestov\u00e1n\u00ed po silnici jsou probl\u00e9my v\u011bt\u0161inou zp\u016fsobeny sluncem, kter\u00e9 m\u016f\u017ee nep\u0159\u00edjemn\u011b sv\u00edtit<a class=\"moretag\" href=\"https:\/\/www.daas.cz\/pro-vsechny-motoristy\/\"> Read more&hellip;<\/a>","datePublished":"2024-04-13","dateModified":"2024-04-13","author":{"@type":"Person","@id":"https:\/\/www.daas.cz\/author\/#Person","name":"","url":"https:\/\/www.daas.cz\/author\/","identifier":1,"image":{"@type":"ImageObject","@id":"https:\/\/secure.gravatar.com\/avatar\/f7b3e8bb7f7cc0c6ca940e74a10b952be4c7d81de8a980387c865f88889f02e3?s=96&d=mm&r=g","url":"https:\/\/secure.gravatar.com\/avatar\/f7b3e8bb7f7cc0c6ca940e74a10b952be4c7d81de8a980387c865f88889f02e3?s=96&d=mm&r=g","height":96,"width":96}},"publisher":{"@type":"Organization","name":"daas.cz","logo":{"@type":"ImageObject","@id":"\/logo.png","url":"\/logo.png","width":600,"height":60}},"url":"https:\/\/www.daas.cz\/pro-vsechny-motoristy\/","wordCount":248,"articleBody":"Cht\u011bli byste si u\u017e\u00edvat v\u00edce cestov\u00e1n\u00ed s va\u0161\u00edm autem? Nejde v\u00e1m to ale, proto\u017ee m\u00e1te n\u011bjak\u00e9 starosti, p\u0159es kter\u00e9 se nelze p\u0159ehoupnout? P\u0159i cestov\u00e1n\u00ed po silnici jsou probl\u00e9my v\u011bt\u0161inou zp\u016fsobeny sluncem, kter\u00e9 m\u016f\u017ee nep\u0159\u00edjemn\u011b sv\u00edtit a osl\u0148ovat v\u00e1s. Nep\u0159\u00edjemn\u00e9 je tak\u00e9 to, kdy\u017e p\u0159ijdete na parkovi\u0161t\u011b, otev\u0159ete dve\u0159e od va\u0161eho vozu a za\u010dne se na v\u00e1s l\u00edhnout \u017e\u00e1r interi\u00e9ru. P\u0159esn\u011b tyto probl\u00e9my, ale je\u0161t\u011b mnoh\u00e9 dal\u0161\u00ed v\u00e1s jist\u011b mohou opravdu na\u0161tvat. Pro\u010d ale neud\u011bl\u00e1te n\u011bco, abyste se s t\u011bmito probl\u00e9my nemuseli pot\u00fdkat?\tNejenom slunce\u010cern\u00e1 autoskla Brno maj\u00ed tu v\u00fdhodu, \u017ee jsou opravdu levn\u00e1. Budete se divit, za jak\u00e9 ceny je m\u016f\u017eete m\u00edt. Pokud v\u00edte, pr\u00e1v\u011b tyto \u00fapravy se prov\u00e1d\u00ed pomoc\u00ed f\u00f3li\u00ed, kter\u00e9 jsou ze speci\u00e1ln\u00edch materi\u00e1l\u016f a kter\u00e9 v\u00e1m nab\u00eddnou dal\u0161\u00ed mnoh\u00e9 vlastnosti, kter\u00e9 se v\u00e1m budou l\u00edbit. M\u00edt tmav\u00e1 okna u vozu, to tak\u00e9 nen\u00ed na \u0161kodu, a pr\u00e1v\u011b za pomoc\u00ed t\u00e9to \u00fapravy si je m\u016f\u017eete za\u0159\u00eddit. Rozhodn\u011b to bude p\u0159\u00edle\u017eitost, kterou byste m\u011bli vyu\u017e\u00edt, pokud si chcete u\u017e\u00edvat v\u00edce cestov\u00e1n\u00ed ve va\u0161em vozu, a to jak na kr\u00e1tk\u00e9, tak dlouh\u00e9 vzd\u00e1lenosti.                                                                                                                                                                                                                                                                                                                                                                                        4.3\/5 - (6 votes)        "},{"@context":"https:\/\/schema.org\/","@type":"BreadcrumbList","itemListElement":[{"@type":"ListItem","position":1,"name":"Pro v\u0161echny motoristy","item":"https:\/\/www.daas.cz\/pro-vsechny-motoristy\/#breadcrumbitem"}]}]