[{"@context":"https:\/\/schema.org\/","@type":"Article","@id":"https:\/\/www.daas.cz\/proc-je-vyhodne-svitit-sodikovymi-vybojkami\/#Article","mainEntityOfPage":"https:\/\/www.daas.cz\/proc-je-vyhodne-svitit-sodikovymi-vybojkami\/","headline":"Pro\u010d je v\u00fdhodn\u00e9 sv\u00edtit sod\u00edkov\u00fdmi v\u00fdbojkami","name":"Pro\u010d je v\u00fdhodn\u00e9 sv\u00edtit sod\u00edkov\u00fdmi v\u00fdbojkami","description":"Je\u0161t\u011b v druh\u00e9 polovin\u011b dvac\u00e1t\u00e9ho stolet\u00ed se na venkov\u011b sv\u00edtilo jen na n\u011bkter\u00fdch m\u00edstech, v z\u00e1vislosti na dostupn\u00fdch finan\u010dn\u00edch zdroj\u00edch a tak\u00e9 s p\u0159ihl\u00e9dnut\u00edm na prioritn\u00ed oblasti, co\u017e bylo okol\u00ed n\u00e1kupn\u00edch st\u0159edisek, n\u00e1m\u011bst\u00ed, ve\u0159ejn\u00fdch prostranstv\u00ed,<a class=\"moretag\" href=\"https:\/\/www.daas.cz\/proc-je-vyhodne-svitit-sodikovymi-vybojkami\/\"> Read more&hellip;<\/a>","datePublished":"2018-10-05","dateModified":"2023-04-29","author":{"@type":"Person","@id":"https:\/\/www.daas.cz\/author\/#Person","name":"","url":"https:\/\/www.daas.cz\/author\/","identifier":1,"image":{"@type":"ImageObject","@id":"https:\/\/secure.gravatar.com\/avatar\/f7b3e8bb7f7cc0c6ca940e74a10b952be4c7d81de8a980387c865f88889f02e3?s=96&d=mm&r=g","url":"https:\/\/secure.gravatar.com\/avatar\/f7b3e8bb7f7cc0c6ca940e74a10b952be4c7d81de8a980387c865f88889f02e3?s=96&d=mm&r=g","height":96,"width":96}},"publisher":{"@type":"Organization","name":"daas.cz","logo":{"@type":"ImageObject","@id":"\/logo.png","url":"\/logo.png","width":600,"height":60}},"image":{"@type":"ImageObject","@id":"https:\/\/www.daas.cz\/wp-content\/uploads\/img_a326761_w2590_t1538908189.jpg","url":"https:\/\/www.daas.cz\/wp-content\/uploads\/img_a326761_w2590_t1538908189.jpg","height":0,"width":0},"url":"https:\/\/www.daas.cz\/proc-je-vyhodne-svitit-sodikovymi-vybojkami\/","about":["Zbo\u017e\u00ed"],"wordCount":456,"articleBody":"Je\u0161t\u011b v druh\u00e9 polovin\u011b dvac\u00e1t\u00e9ho stolet\u00ed se na venkov\u011b sv\u00edtilo jen na n\u011bkter\u00fdch m\u00edstech, v z\u00e1vislosti na dostupn\u00fdch finan\u010dn\u00edch zdroj\u00edch a tak\u00e9 s p\u0159ihl\u00e9dnut\u00edm na prioritn\u00ed oblasti, co\u017e bylo okol\u00ed n\u00e1kupn\u00edch st\u0159edisek, n\u00e1m\u011bst\u00ed, ve\u0159ejn\u00fdch prostranstv\u00ed, kde se p\u0159edpokl\u00e1dal zv\u00fd\u0161en\u00fd pohyb chodc\u016f. Dnes jsou pouli\u010dn\u00ed lampy rozm\u00edst\u011bn\u00e9 t\u00e9m\u011b\u0159 v\u0161ude a k nejv\u011bt\u0161\u00edmu rozvoji jejich v\u00fdstavby p\u0159isp\u011bla technologie kmitaj\u00edc\u00edch sod\u00edkov\u00fdch par ve vysokotlak\u00e9 ba\u0148ce. Ano, jsou to pr\u00e1v\u011b sod\u00edkov\u00e9 v\u00fdbojky, na n\u011b\u017e jsme si zvykli za ta l\u00e9ta natolik, \u017ee pova\u017eujeme oran\u017eov\u00e9 ve\u010dern\u00ed sv\u011btlo za n\u011bco p\u0159irozen\u00e9ho, co k na\u0161emu \u017eivotu neodmysliteln\u011b pat\u0159\u00ed. V\u00fdroba sod\u00edkov\u00e9 v\u00fdbojky je zaveden\u00e1 ji\u017e des\u00edtky let a v\u00fdrobn\u00ed n\u00e1klady jsou velice n\u00edzk\u00e9. Tato sv\u011btla s dlouhou \u017eivotnost\u00ed a vynikaj\u00edc\u00ed kvalitou poskytuj\u00ed dostate\u010dn\u00fd sv\u011bteln\u00fd tok a nen\u00ed tud\u00ed\u017e d\u016fvod je nahrazovat n\u011b\u010d\u00edm jin\u00fdm. A\u010dkoliv se dnes m\u016f\u017eete setkat na n\u011bkter\u00fdch m\u00edstech s propagac\u00ed polovodi\u010dov\u00fdch reflektor\u016f osazen\u00fdch \u010dipy s chladn\u011bj\u0161\u00edm b\u00edl\u00fdm sv\u011btlem, v\u011bt\u0161inou m\u016f\u017eete pozorovat \u017elutooran\u017eov\u00fd n\u00e1dech podve\u010dera, kter\u00fd v lidsk\u00e9 du\u0161i \u010dasto vyvol\u00e1v\u00e1 pocit klidu a pohody. A rozhodn\u011b to nen\u00ed n\u00e1hodou. Barva sv\u011btla m\u00e1 vliv na psychiku \u017de m\u00e1 barva sv\u011btla vliv na tvorbu melatoninu, v\u00e1m potvrd\u00ed ka\u017ed\u00fd l\u00e9ka\u0159, nebo \u010dlov\u011bk, kter\u00fd se touto problematikou zab\u00fdv\u00e1. Denn\u00ed slune\u010dn\u00ed sv\u011btlo nab\u00e1d\u00e1 lidsk\u00e9 t\u011blo k aktivit\u011b a naopak ve\u010der se \u010dlov\u011bk lad\u00ed pomalu ke sp\u00e1nku a k odpo\u010dinku, k regeneraci. V pr\u016fb\u011bhu dne se tak\u00e9 m\u011bn\u00ed slo\u017een\u00ed hormon\u016f a tento pravideln\u00fd denn\u00ed cyklus je vhodn\u00e9 dodr\u017eet. Pakli\u017ee se mu budeme vzpouzet a ignorovat jej, organismus se bude \u0161patn\u011b regenerovat a nedostatek sp\u00e1nku a odpo\u010dinku brzy sami na sob\u011b poc\u00edt\u00edme. Pr\u00e1v\u011b z tohoto d\u016fvodu bychom m\u011bli db\u00e1t na barvu ve\u0159ejn\u00e9ho osv\u011btlen\u00ed, kter\u00e1 odpov\u00edd\u00e1 teplot\u011b chromati\u010dnosti v rozmez\u00ed zhruba od 2500 do 3500 Kelvin\u016f. A to pr\u00e1v\u011b spl\u0148uj\u00ed sod\u00edkov\u00e9 vysokotlak\u00e9 v\u00fdbojky. Pokud budeme osazovat pouli\u010dn\u00ed lampy sv\u00edtidly o barv\u011b vy\u0161\u0161\u00ed, kolem 5500 K, bude to ji\u017e p\u0159ipom\u00ednat denn\u00ed sv\u011btlo, co\u017e organismus bude motivovat k vy\u0161\u0161\u00edm v\u00fdkon\u016fm, zp\u016fsob\u00ed to probl\u00e9my se sp\u00e1nkem, hyperaktivitu, a dal\u0161\u00ed zdravotn\u00ed dopady na sebe nenechaj\u00ed dlouho \u010dekat.                                                                                                                                                                                                                                                                                                                                                                                         4.4\/5 - (8 votes)        "},{"@context":"https:\/\/schema.org\/","@type":"BreadcrumbList","itemListElement":[{"@type":"ListItem","position":1,"name":"Pro\u010d je v\u00fdhodn\u00e9 sv\u00edtit sod\u00edkov\u00fdmi v\u00fdbojkami","item":"https:\/\/www.daas.cz\/proc-je-vyhodne-svitit-sodikovymi-vybojkami\/#breadcrumbitem"}]}]