[{"@context":"https:\/\/schema.org\/","@type":"Article","@id":"https:\/\/www.daas.cz\/vanoce-u-nas-doma\/#Article","mainEntityOfPage":"https:\/\/www.daas.cz\/vanoce-u-nas-doma\/","headline":"V\u00e1noce u n\u00e1s doma","name":"V\u00e1noce u n\u00e1s doma","description":"Poj\u010fme spolu do sv\u00e9ho d\u011btstv\u00ed, kdy si r\u00e1di vzpomeneme, jak jsme jako mal\u00e9 d\u011bti vn\u00edmali atmosf\u00e9ru v\u00e1noc mezi sv\u00fdmi bl\u00edzk\u00fdmi, v\u00a0bezpe\u010d\u00ed domova s\u00a0p\u0159edzv\u011bst\u00ed p\u0159\u00edchodu Je\u017e\u00ed\u0161ka, kter\u00fd pro n\u00e1s p\u0159ipravuje d\u00e1rky. Byly to kr\u00e1sn\u00e9 doby, \u017ee?<a class=\"moretag\" href=\"https:\/\/www.daas.cz\/vanoce-u-nas-doma\/\"> Read more&hellip;<\/a>","datePublished":"2016-11-13","dateModified":"2016-11-13","author":{"@type":"Person","@id":"https:\/\/www.daas.cz\/author\/#Person","name":"","url":"https:\/\/www.daas.cz\/author\/","identifier":1,"image":{"@type":"ImageObject","@id":"https:\/\/secure.gravatar.com\/avatar\/f7b3e8bb7f7cc0c6ca940e74a10b952be4c7d81de8a980387c865f88889f02e3?s=96&d=mm&r=g","url":"https:\/\/secure.gravatar.com\/avatar\/f7b3e8bb7f7cc0c6ca940e74a10b952be4c7d81de8a980387c865f88889f02e3?s=96&d=mm&r=g","height":96,"width":96}},"publisher":{"@type":"Organization","name":"daas.cz","logo":{"@type":"ImageObject","@id":"\/logo.png","url":"\/logo.png","width":600,"height":60}},"image":{"@type":"ImageObject","@id":"https:\/\/www.daas.cz\/wp-content\/uploads\/img_a278642_w1786_t1602478919.jpg","url":"https:\/\/www.daas.cz\/wp-content\/uploads\/img_a278642_w1786_t1602478919.jpg","height":0,"width":0},"url":"https:\/\/www.daas.cz\/vanoce-u-nas-doma\/","wordCount":535,"articleBody":"Poj\u010fme spolu do sv\u00e9ho d\u011btstv\u00ed, kdy si r\u00e1di vzpomeneme, jak jsme jako mal\u00e9 d\u011bti vn\u00edmali atmosf\u00e9ru v\u00e1noc mezi sv\u00fdmi bl\u00edzk\u00fdmi, v\u00a0bezpe\u010d\u00ed domova s\u00a0p\u0159edzv\u011bst\u00ed p\u0159\u00edchodu Je\u017e\u00ed\u0161ka, kter\u00fd pro n\u00e1s p\u0159ipravuje d\u00e1rky. Byly to kr\u00e1sn\u00e9 doby, \u017ee?Dnes u\u017e jsme dosp\u011bl\u00ed a atmosf\u00e9ru v\u00e1noc p\u0159ipravujeme my pro svoji rodinu. Jde sice o c\u00edrkevn\u00ed sv\u00e1tky, ale kter\u00e1 rodina si nezdob\u00ed byt \u010di d\u016fm tak, aby ji\u017e p\u0159i otev\u0159en\u00ed dve\u0159\u00ed na n\u00e1s d\u00fdchla v\u016fn\u011b jehli\u010d\u00ed, zap\u016fsobila k\u0159ehkost ozdob a na stole se nepy\u0161nilo v\u00e1no\u010dn\u00ed cukrov\u00ed?Klasika ve v\u00fdzdob\u011bKa\u017ed\u00e1 hospody\u0148ka pojme v\u00fdzdobu trochu jinak. V\u00a0n\u011bkter\u00fdch rodin\u00e1ch si potrp\u00ed na klasickou staro\u010deskou v\u00fdzdobu, to znamen\u00e1 na stole adventn\u00ed v\u011bnec se 4 sv\u00ed\u010dkami, kter\u00e9 zna\u010d\u00ed 4 adventn\u00ed ned\u011ble. Postupn\u011b se zapaluje po jedn\u00e9 sv\u00ed\u010dce.Mnoho z\u00a0n\u00e1s zdob\u00ed vstupn\u00ed dve\u0159e symbolem v\u00e1noc, v\u011bt\u0161inou v\u011bne\u010dkem pov\u011b\u0161en\u00fdm uprost\u0159ed dve\u0159\u00ed. U\u017e p\u0159i vstupu do bytu \u010di domu tak m\u00e1me p\u0159\u00edjemn\u00fd pocit, co je za obdob\u00ed.Velmi klasickou v\u00fdzdobou pak je svazek jmel\u00ed, zav\u011b\u0161en\u00fd na sv\u011btle nebo jinde. Dnes u\u017e zn\u00e1me nejen p\u0159\u00edrodn\u00ed zelen\u00e9 jmel\u00ed, ale trh nab\u00edz\u00ed i jmel\u00ed post\u0159\u00edb\u0159en\u00e9, s\u00a0odst\u00ednem do zlata \u010di modra a r\u016f\u017eova.Na \u0160t\u011bdr\u00fd den pak nesm\u00ed chyb\u011bt v\u00e1no\u010dn\u00ed stromek. Dnes u\u017e mnoho z\u00a0n\u00e1s s\u00e1hne z\u00a0praktick\u00fdch d\u016fvod\u016f po stromku um\u011bl\u00e9m. D\u016fvodem je, \u017ee nemus\u00edme stromek sh\u00e1n\u011bt, nemus\u00edme ukl\u00edzet spadan\u00e9 jehli\u010d\u00ed, kter\u00e9 z\u00a0\u017eiv\u00e9ho stromku odpad\u00e1v\u00e1, nav\u00edc \u0161et\u0159\u00edme na\u0161e lesy. Mnoz\u00ed z\u00a0n\u00e1s si ale bez \u017eiv\u00e9ho stromku neum\u00ed v\u00e1noce p\u0159edstavit. Zdoben\u00ed je pak r\u016fzn\u00e9.N\u011bkdo d\u00e1v\u00e1 p\u0159ednost lidov\u00e9mu stylu na\u0161ich babi\u010dek, kdy v\u011b\u0161\u00edme ozdoby z\u00a0p\u0159\u00edrodn\u00edch materi\u00e1l\u016f jako je sl\u00e1ma, d\u0159evo nebo o\u0159echy, su\u0161en\u00e9 ovoce a dal\u0161\u00ed. Jin\u00ed zas preferuj\u00ed sklen\u011bn\u00e9 ozdoby nejl\u00e9pe v\u00a0odst\u00ednu, kter\u00fd bude ladit k\u00a0interi\u00e9ru bytu. To u\u017e je \u010dist\u011b na vkusu a zvyc\u00edch jednotliv\u00fdch rodin.V\u00fdzdoba v\u00a0modern\u00edm styluMlad\u00e9 rodiny, zejm\u00e9na ty bezd\u011btn\u00e9, \u010dasto s\u00e1hnou po v\u00fdzdob\u011b, kter\u00e1 se pon\u011bkud li\u0161\u00ed od t\u00e9 klasick\u00e9. Ozdob\u00ed si v\u011btev nebo kv\u011btinu v\u00a0kv\u011btin\u00e1\u010di, n\u011bkdo si m\u00edsto stromku pov\u011bs\u00ed z\u00e1v\u011bs, na kter\u00e9m je stromek pouze vyobrazen. N\u011bkomu posta\u010d\u00ed v\u016fn\u011b kadidla s\u00a0olejovou lampi\u010dkou nebo Santa na okn\u011b.N\u011bkte\u0159\u00ed zdob\u00ed sv\u016fj d\u016fm zvenku, osv\u011btl\u00ed jej tak, \u017ee p\u0159i setm\u011bn\u00ed pak z\u00e1\u0159\u00ed do tmy a hl\u00e1s\u00e1 v\u0161em, v\u00e1noce jsou tu.A\u0165 ji\u017e zvol\u00edte jakoukoliv v\u00fdzdobu, v\u011bzte, \u017ee to, co v\u00e1noc\u016fm ur\u010dit\u011b nesm\u00ed chyb\u011bt, je pocit vz\u00e1jemn\u00e9 l\u00e1sky mezi sv\u00fdmi a pocit domova, kter\u00fd pohlad\u00ed.                                                                                                                                                                                                                                                                                                                                                                                        4.2\/5 - (4 votes)        "},{"@context":"https:\/\/schema.org\/","@type":"BreadcrumbList","itemListElement":[{"@type":"ListItem","position":1,"name":"V\u00e1noce u n\u00e1s doma","item":"https:\/\/www.daas.cz\/vanoce-u-nas-doma\/#breadcrumbitem"}]}]